{"id":4661,"date":"2026-08-29T12:01:00","date_gmt":"2026-08-29T12:01:00","guid":{"rendered":"https:\/\/hermandaddelrociodelamacarena.org\/?p=4661"},"modified":"2026-09-01T12:08:40","modified_gmt":"2026-09-01T12:08:40","slug":"%f0%9d%90%93%f0%9d%90%91%f0%9d%90%88%f0%9d%90%83%f0%9d%90%94%f0%9d%90%8e-%f0%9d%90%84%f0%9d%90%8d-%f0%9d%90%87%f0%9d%90%8e%f0%9d%90%8d%f0%9d%90%8e%f0%9d%90%91-%f0%9d%90%83%f0%9d%90%84-%f0%9d%90%92","status":"publish","type":"post","link":"https:\/\/hermandaddelrociodelamacarena.org\/?p=4661","title":{"rendered":"\ud835\udc13\ud835\udc11\ud835\udc08\ud835\udc03\ud835\udc14\ud835\udc0e \ud835\udc04\ud835\udc0d \ud835\udc07\ud835\udc0e\ud835\udc0d\ud835\udc0e\ud835\udc11 \ud835\udc03\ud835\udc04 \ud835\udc12\ud835\udc00\ud835\udc0d \ud835\udc06\ud835\udc08\ud835\udc0b \ud835\udc00\ud835\udc01\ud835\udc00\ud835\udc03 | \ud835\udc09\ud835\udc14\ud835\udc01\ud835\udc08\ud835\udc0b\ud835\udc04\ud835\udc0e \ud835\udc02\ud835\udc08\ud835\udc11\ud835\udc02\ud835\udc14\ud835\udc0b\ud835\udc00\ud835\udc11 \ud835\udc03\ud835\udc04 \ud835\udc0b\ud835\udc00\ud835\udc12 \ud835\udc17\ud835\udc0b \ud835\udc07\ud835\udc0e\ud835\udc11\ud835\udc00\ud835\udc12"},"content":{"rendered":"\t\t<div data-elementor-type=\"wp-post\" data-elementor-id=\"4661\" class=\"elementor elementor-4661\" data-elementor-post-type=\"post\">\n\t\t\t\t<div class=\"elementor-element elementor-element-1e07a03 e-flex e-con-boxed e-con e-parent\" data-id=\"1e07a03\" data-element_type=\"container\" data-e-type=\"container\">\n\t\t\t\t\t<div class=\"e-con-inner\">\n\t\t\t\t<div class=\"elementor-element elementor-element-5322595 elementor-widget elementor-widget-image\" data-id=\"5322595\" data-element_type=\"widget\" data-e-type=\"widget\" data-widget_type=\"image.default\">\n\t\t\t\t<div class=\"elementor-widget-container\">\n\t\t\t\t\t\t\t\t\t\t\t\t\t\t\t<img fetchpriority=\"high\" decoding=\"async\" width=\"1024\" height=\"1024\" src=\"https:\/\/hermandaddelrociodelamacarena.org\/wp-content\/uploads\/2026\/09\/260829-Triduo-a-San-Gil-Abad-1024x1024.jpeg\" class=\"attachment-large size-large wp-image-4662\" alt=\"\" srcset=\"https:\/\/hermandaddelrociodelamacarena.org\/wp-content\/uploads\/2026\/09\/260829-Triduo-a-San-Gil-Abad-1024x1024.jpeg 1024w, https:\/\/hermandaddelrociodelamacarena.org\/wp-content\/uploads\/2026\/09\/260829-Triduo-a-San-Gil-Abad-300x300.jpeg 300w, https:\/\/hermandaddelrociodelamacarena.org\/wp-content\/uploads\/2026\/09\/260829-Triduo-a-San-Gil-Abad-150x150.jpeg 150w, https:\/\/hermandaddelrociodelamacarena.org\/wp-content\/uploads\/2026\/09\/260829-Triduo-a-San-Gil-Abad-768x768.jpeg 768w, https:\/\/hermandaddelrociodelamacarena.org\/wp-content\/uploads\/2026\/09\/260829-Triduo-a-San-Gil-Abad-500x500.jpeg 500w, https:\/\/hermandaddelrociodelamacarena.org\/wp-content\/uploads\/2026\/09\/260829-Triduo-a-San-Gil-Abad-600x600.jpeg 600w, https:\/\/hermandaddelrociodelamacarena.org\/wp-content\/uploads\/2026\/09\/260829-Triduo-a-San-Gil-Abad-100x100.jpeg 100w, https:\/\/hermandaddelrociodelamacarena.org\/wp-content\/uploads\/2026\/09\/260829-Triduo-a-San-Gil-Abad-50x50.jpeg 50w, https:\/\/hermandaddelrociodelamacarena.org\/wp-content\/uploads\/2026\/09\/260829-Triduo-a-San-Gil-Abad.jpeg 1080w\" sizes=\"(max-width: 1024px) 100vw, 1024px\" \/>\t\t\t\t\t\t\t\t\t\t\t\t\t\t\t<\/div>\n\t\t\t\t<\/div>\n\t\t\t\t\t<\/div>\n\t\t\t\t<\/div>\n\t\t<div class=\"elementor-element elementor-element-9e11359 e-flex e-con-boxed e-con e-parent\" data-id=\"9e11359\" data-element_type=\"container\" data-e-type=\"container\">\n\t\t\t\t\t<div class=\"e-con-inner\">\n\t\t\t\t<div class=\"elementor-element elementor-element-0ea27fa elementor-widget elementor-widget-heading\" data-id=\"0ea27fa\" data-element_type=\"widget\" data-e-type=\"widget\" data-widget_type=\"heading.default\">\n\t\t\t\t<div class=\"elementor-widget-container\">\n\t\t\t\t\t<h3 class=\"elementor-heading-title elementor-size-default\">Triduo en Honor de San Gil Abad. \nJubileo circular de las XL horas<\/h3>\t\t\t\t<\/div>\n\t\t\t\t<\/div>\n\t\t\t\t<div class=\"elementor-element elementor-element-3b2ad86 elementor-widget elementor-widget-text-editor\" data-id=\"3b2ad86\" data-element_type=\"widget\" data-e-type=\"widget\" data-widget_type=\"text-editor.default\">\n\t\t\t\t<div class=\"elementor-widget-container\">\n\t\t\t\t\t\t\t\t\t<p>Los pr\u00f3ximos 31 de agosto, 1 y 2 de septiembre, Nuestra Parroquia de San Gil Abad celebrar\u00e1 el Solemne Triduo en honor de su titular, coincidiendo con el Jubileo Circular de las XL Horas, una ocasi\u00f3n especialmente hermosa para encontrarnos como comunidad parroquial en torno a Jes\u00fas Sacramentado.<\/p><p>Durante los tres d\u00edas, el Sant\u00edsimo Sacramento permanecer\u00e1 expuesto de 11:00 a 13:00 y de 18:00 a 20:00 horas. A las 19:30 horas tendr\u00e1 lugar el rezo del Santo Rosario y, a las 20:00 horas, la celebraci\u00f3n del Triduo.<\/p><p>El lunes 31 de agosto estar\u00e1 especialmente dedicado a las Hermandades de la Parroquia, que participar\u00e1n conjuntamente en la celebraci\u00f3n, en las lecturas y en la mesa de ofrendas.<\/p><p>Desde Nuestra Hermandad queremos animar a todos nuestros hermanos a participar en estos cultos. San Gil es mucho m\u00e1s que el templo que nos acoge: es nuestra casa parroquial, el lugar donde compartimos la fe con las dem\u00e1s hermandades, grupos y feligreses y donde nuestra Hermandad hunde sus ra\u00edces en el coraz\u00f3n de la Macarena.<\/p><p>Participar juntos en estos d\u00edas fortalece los lazos que nos unen como comunidad cristiana, acrecienta nuestra vida parroquial y renueva nuestro compromiso con el Barrio al que pertenecemos y servimos.<\/p><p>Que estos d\u00edas junto al Sant\u00edsimo y bajo la protecci\u00f3n de San Gil Abad nos ayuden a seguir construyendo una Parroquia viva, unida y fraterna.<\/p>\t\t\t\t\t\t\t\t<\/div>\n\t\t\t\t<\/div>\n\t\t\t\t\t<\/div>\n\t\t\t\t<\/div>\n\t\t\t\t<\/div>\n\t\t","protected":false},"excerpt":{"rendered":"<p>Triduo en Honor de San Gil Abad. Jubileo circular de las XL horas Los pr\u00f3ximos 31 de agosto, 1 y [&hellip;]<\/p>\n","protected":false},"author":4,"featured_media":4662,"comment_status":"open","ping_status":"closed","sticky":false,"template":"","format":"standard","meta":{"site-sidebar-layout":"default","site-content-layout":"","ast-site-content-layout":"default","site-content-style":"default","site-sidebar-style":"default","ast-global-header-display":"","ast-banner-title-visibility":"","ast-main-header-display":"","ast-hfb-above-header-display":"","ast-hfb-below-header-display":"","ast-hfb-mobile-header-display":"","site-post-title":"","ast-breadcrumbs-content":"","ast-featured-img":"","footer-sml-layout":"","ast-disable-related-posts":"","theme-transparent-header-meta":"","adv-header-id-meta":"","stick-header-meta":"","header-above-stick-meta":"","header-main-stick-meta":"","header-below-stick-meta":"","astra-migrate-meta-layouts":"default","ast-page-background-enabled":"default","ast-page-background-meta":{"desktop":{"background-color":"var(--ast-global-color-4)","background-image":"","background-repeat":"repeat","background-position":"center center","background-size":"auto","background-attachment":"scroll","background-type":"","background-media":"","overlay-type":"","overlay-color":"","overlay-opacity":"","overlay-gradient":""},"tablet":{"background-color":"","background-image":"","background-repeat":"repeat","background-position":"center center","background-size":"auto","background-attachment":"scroll","background-type":"","background-media":"","overlay-type":"","overlay-color":"","overlay-opacity":"","overlay-gradient":""},"mobile":{"background-color":"","background-image":"","background-repeat":"repeat","background-position":"center center","background-size":"auto","background-attachment":"scroll","background-type":"","background-media":"","overlay-type":"","overlay-color":"","overlay-opacity":"","overlay-gradient":""}},"ast-content-background-meta":{"desktop":{"background-color":"var(--ast-global-color-5)","background-image":"","background-repeat":"repeat","background-position":"center center","background-size":"auto","background-attachment":"scroll","background-type":"","background-media":"","overlay-type":"","overlay-color":"","overlay-opacity":"","overlay-gradient":""},"tablet":{"background-color":"var(--ast-global-color-5)","background-image":"","background-repeat":"repeat","background-position":"center center","background-size":"auto","background-attachment":"scroll","background-type":"","background-media":"","overlay-type":"","overlay-color":"","overlay-opacity":"","overlay-gradient":""},"mobile":{"background-color":"var(--ast-global-color-5)","background-image":"","background-repeat":"repeat","background-position":"center center","background-size":"auto","background-attachment":"scroll","background-type":"","background-media":"","overlay-type":"","overlay-color":"","overlay-opacity":"","overlay-gradient":""}},"footnotes":""},"categories":[1],"tags":[],"class_list":["post-4661","post","type-post","status-publish","format-standard","has-post-thumbnail","hentry","category-uncategorized"],"_links":{"self":[{"href":"https:\/\/hermandaddelrociodelamacarena.org\/index.php?rest_route=\/wp\/v2\/posts\/4661","targetHints":{"allow":["GET"]}}],"collection":[{"href":"https:\/\/hermandaddelrociodelamacarena.org\/index.php?rest_route=\/wp\/v2\/posts"}],"about":[{"href":"https:\/\/hermandaddelrociodelamacarena.org\/index.php?rest_route=\/wp\/v2\/types\/post"}],"author":[{"embeddable":true,"href":"https:\/\/hermandaddelrociodelamacarena.org\/index.php?rest_route=\/wp\/v2\/users\/4"}],"replies":[{"embeddable":true,"href":"https:\/\/hermandaddelrociodelamacarena.org\/index.php?rest_route=%2Fwp%2Fv2%2Fcomments&post=4661"}],"version-history":[{"count":4,"href":"https:\/\/hermandaddelrociodelamacarena.org\/index.php?rest_route=\/wp\/v2\/posts\/4661\/revisions"}],"predecessor-version":[{"id":4669,"href":"https:\/\/hermandaddelrociodelamacarena.org\/index.php?rest_route=\/wp\/v2\/posts\/4661\/revisions\/4669"}],"wp:featuredmedia":[{"embeddable":true,"href":"https:\/\/hermandaddelrociodelamacarena.org\/index.php?rest_route=\/wp\/v2\/media\/4662"}],"wp:attachment":[{"href":"https:\/\/hermandaddelrociodelamacarena.org\/index.php?rest_route=%2Fwp%2Fv2%2Fmedia&parent=4661"}],"wp:term":[{"taxonomy":"category","embeddable":true,"href":"https:\/\/hermandaddelrociodelamacarena.org\/index.php?rest_route=%2Fwp%2Fv2%2Fcategories&post=4661"},{"taxonomy":"post_tag","embeddable":true,"href":"https:\/\/hermandaddelrociodelamacarena.org\/index.php?rest_route=%2Fwp%2Fv2%2Ftags&post=4661"}],"curies":[{"name":"wp","href":"https:\/\/api.w.org\/{rel}","templated":true}]}}